{"id":3944,"date":"2025-05-20T14:01:54","date_gmt":"2025-05-20T12:01:54","guid":{"rendered":"https:\/\/www.klosterberg-reute.de\/?p=3944"},"modified":"2025-05-20T16:27:45","modified_gmt":"2025-05-20T14:27:45","slug":"elementor-3944","status":"publish","type":"post","link":"https:\/\/www.klosterberg-reute.de\/index.php\/2025\/05\/20\/elementor-3944\/","title":{"rendered":"Nominierung der Aussegnung f\u00fcr DAM-Preis 2026 des Deutschen Architekturmuseums"},"content":{"rendered":"\t\t<div data-elementor-type=\"wp-post\" data-elementor-id=\"3944\" class=\"elementor elementor-3944\" data-elementor-post-type=\"post\">\n\t\t\t\t\t\t<section class=\"elementor-section elementor-top-section elementor-element elementor-element-49da09f elementor-section-stretched elementor-section-boxed elementor-section-height-default elementor-section-height-default\" data-id=\"49da09f\" data-element_type=\"section\" data-e-type=\"section\" data-settings=\"{&quot;stretch_section&quot;:&quot;section-stretched&quot;}\">\n\t\t\t\t\t\t<div class=\"elementor-container elementor-column-gap-default\">\n\t\t\t\t\t<div class=\"elementor-column elementor-col-100 elementor-top-column elementor-element elementor-element-3a0448b\" data-id=\"3a0448b\" data-element_type=\"column\" data-e-type=\"column\">\n\t\t\t<div class=\"elementor-widget-wrap elementor-element-populated\">\n\t\t\t\t\t\t<div class=\"elementor-element elementor-element-d8f1fab elementor-widget elementor-widget-heading\" data-id=\"d8f1fab\" data-element_type=\"widget\" data-e-type=\"widget\" data-widget_type=\"heading.default\">\n\t\t\t\t<div class=\"elementor-widget-container\">\n\t\t\t\t\t<h1 class=\"elementor-heading-title elementor-size-default\">Neue Aussegnung f\u00fcr den DAM-Preis 2026 des Deutschen Architekturmuseums nominiert<\/h1>\t\t\t\t<\/div>\n\t\t\t\t<\/div>\n\t\t\t\t<div class=\"elementor-element elementor-element-67c8797 elementor-widget elementor-widget-spacer\" data-id=\"67c8797\" data-element_type=\"widget\" data-e-type=\"widget\" data-widget_type=\"spacer.default\">\n\t\t\t\t<div class=\"elementor-widget-container\">\n\t\t\t\t\t\t\t<div class=\"elementor-spacer\">\n\t\t\t<div class=\"elementor-spacer-inner\"><\/div>\n\t\t<\/div>\n\t\t\t\t\t\t<\/div>\n\t\t\t\t<\/div>\n\t\t\t\t<div class=\"elementor-element elementor-element-b2456d2 elementor-widget elementor-widget-image\" data-id=\"b2456d2\" data-element_type=\"widget\" data-e-type=\"widget\" data-widget_type=\"image.default\">\n\t\t\t\t<div class=\"elementor-widget-container\">\n\t\t\t\t\t\t\t\t\t\t\t\t\t\t\t<img fetchpriority=\"high\" decoding=\"async\" width=\"1024\" height=\"683\" src=\"https:\/\/www.klosterberg-reute.de\/wp-content\/uploads\/2023\/11\/WhatsApp-Image-2023-11-23-at-19.01.22.jpg\" class=\"attachment-full size-full wp-image-2633\" alt=\"\" srcset=\"https:\/\/www.klosterberg-reute.de\/wp-content\/uploads\/2023\/11\/WhatsApp-Image-2023-11-23-at-19.01.22.jpg 1024w, https:\/\/www.klosterberg-reute.de\/wp-content\/uploads\/2023\/11\/WhatsApp-Image-2023-11-23-at-19.01.22-300x200.jpg 300w, https:\/\/www.klosterberg-reute.de\/wp-content\/uploads\/2023\/11\/WhatsApp-Image-2023-11-23-at-19.01.22-768x512.jpg 768w\" sizes=\"(max-width: 1024px) 100vw, 1024px\" \/>\t\t\t\t\t\t\t\t\t\t\t\t\t\t\t<\/div>\n\t\t\t\t<\/div>\n\t\t\t\t<div class=\"elementor-element elementor-element-8a51586 elementor-widget elementor-widget-spacer\" data-id=\"8a51586\" data-element_type=\"widget\" data-e-type=\"widget\" data-widget_type=\"spacer.default\">\n\t\t\t\t<div class=\"elementor-widget-container\">\n\t\t\t\t\t\t\t<div class=\"elementor-spacer\">\n\t\t\t<div class=\"elementor-spacer-inner\"><\/div>\n\t\t<\/div>\n\t\t\t\t\t\t<\/div>\n\t\t\t\t<\/div>\n\t\t\t\t<div class=\"elementor-element elementor-element-4bd2b43 elementor-widget elementor-widget-text-editor\" data-id=\"4bd2b43\" data-element_type=\"widget\" data-e-type=\"widget\" data-widget_type=\"text-editor.default\">\n\t\t\t\t<div class=\"elementor-widget-container\">\n\t\t\t\t\t\t\t\t\t<p>Zusammen mit Braunger W\u00f6rtz Architekten, die unsere neue Aussegnung entworfen und geplant haben, freuen wir uns \u00fcber die Nominierung unserer Aussegnung f\u00fcr den DAM Preis f\u00fcr Architektur in Deutschland.<br \/>Neben weiteren hochrangigen Projekten steht die Aussegnung auf der Longlist der nominierten 100 herausragenden Projekte 2026.<br \/>Die Auswahl zur Shortlist der besten Projekte erfolgt im Sp\u00e4tjahr. Der Preis wird seit 2007 vom Deutschen Architekturmuseum vergeben und w\u00fcrdigt bemerkenswerte Geb\u00e4ude oder Ensembles.<\/p><p><a href=\"http:\/\/www.dam-preis.de\" target=\"_blank\" rel=\"noopener\">www.dam-preis.de<\/a><\/p>\t\t\t\t\t\t\t\t<\/div>\n\t\t\t\t<\/div>\n\t\t\t\t<div class=\"elementor-element elementor-element-e30665e elementor-widget elementor-widget-spacer\" data-id=\"e30665e\" data-element_type=\"widget\" data-e-type=\"widget\" data-widget_type=\"spacer.default\">\n\t\t\t\t<div class=\"elementor-widget-container\">\n\t\t\t\t\t\t\t<div class=\"elementor-spacer\">\n\t\t\t<div class=\"elementor-spacer-inner\"><\/div>\n\t\t<\/div>\n\t\t\t\t\t\t<\/div>\n\t\t\t\t<\/div>\n\t\t\t\t<div class=\"elementor-element elementor-element-5bac5b4 elementor-widget-divider--view-line elementor-widget elementor-widget-divider\" data-id=\"5bac5b4\" data-element_type=\"widget\" data-e-type=\"widget\" data-widget_type=\"divider.default\">\n\t\t\t\t<div class=\"elementor-widget-container\">\n\t\t\t\t\t\t\t<div class=\"elementor-divider\">\n\t\t\t<span class=\"elementor-divider-separator\">\n\t\t\t\t\t\t<\/span>\n\t\t<\/div>\n\t\t\t\t\t\t<\/div>\n\t\t\t\t<\/div>\n\t\t\t\t<section class=\"elementor-section elementor-inner-section elementor-element elementor-element-8d00c4f elementor-section-full_width elementor-section-height-default elementor-section-height-default\" data-id=\"8d00c4f\" data-element_type=\"section\" data-e-type=\"section\">\n\t\t\t\t\t\t<div class=\"elementor-container elementor-column-gap-narrow\">\n\t\t\t\t\t<div class=\"elementor-column elementor-col-50 elementor-inner-column elementor-element elementor-element-d47fb6e\" data-id=\"d47fb6e\" data-element_type=\"column\" data-e-type=\"column\">\n\t\t\t<div class=\"elementor-widget-wrap elementor-element-populated\">\n\t\t\t\t\t\t<div class=\"elementor-element elementor-element-b56d168 elementor-widget__width-initial elementor-widget elementor-widget-image\" data-id=\"b56d168\" data-element_type=\"widget\" data-e-type=\"widget\" data-widget_type=\"image.default\">\n\t\t\t\t<div class=\"elementor-widget-container\">\n\t\t\t\t\t\t\t\t\t\t\t\t\t\t\t<img decoding=\"async\" width=\"300\" height=\"300\" src=\"https:\/\/www.klosterberg-reute.de\/wp-content\/uploads\/2025\/03\/Kreutersingen-Ins-2-300x300.jpg\" class=\"attachment-medium size-medium wp-image-3818\" alt=\"\" srcset=\"https:\/\/www.klosterberg-reute.de\/wp-content\/uploads\/2025\/03\/Kreutersingen-Ins-2-300x300.jpg 300w, https:\/\/www.klosterberg-reute.de\/wp-content\/uploads\/2025\/03\/Kreutersingen-Ins-2-1024x1024.jpg 1024w, https:\/\/www.klosterberg-reute.de\/wp-content\/uploads\/2025\/03\/Kreutersingen-Ins-2-150x150.jpg 150w, https:\/\/www.klosterberg-reute.de\/wp-content\/uploads\/2025\/03\/Kreutersingen-Ins-2-768x768.jpg 768w, https:\/\/www.klosterberg-reute.de\/wp-content\/uploads\/2025\/03\/Kreutersingen-Ins-2-1536x1536.jpg 1536w, https:\/\/www.klosterberg-reute.de\/wp-content\/uploads\/2025\/03\/Kreutersingen-Ins-2-2048x2048.jpg 2048w\" sizes=\"(max-width: 300px) 100vw, 300px\" \/>\t\t\t\t\t\t\t\t\t\t\t\t\t\t\t<\/div>\n\t\t\t\t<\/div>\n\t\t\t\t<div class=\"elementor-element elementor-element-02b2596 elementor-widget elementor-widget-image\" data-id=\"02b2596\" data-element_type=\"widget\" data-e-type=\"widget\" data-widget_type=\"image.default\">\n\t\t\t\t<div class=\"elementor-widget-container\">\n\t\t\t\t\t\t\t\t\t\t\t\t\t\t\t\t<a href=\"http:\/\/www.dam-preis.de\">\n\t\t\t\t\t\t\t<img decoding=\"async\" src=\"https:\/\/www.klosterberg-reute.de\/wp-content\/uploads\/elementor\/thumbs\/DAM-Preis_2026_Nominiert-r634lix43175ousxzpturertk19dy92i8gmxysdtvc.jpg\" title=\"DAM-Preis_2026_Nominiert\" alt=\"DAM-Preis_2026_Nominiert\" loading=\"lazy\" \/>\t\t\t\t\t\t\t\t<\/a>\n\t\t\t\t\t\t\t\t\t\t\t\t\t\t\t<\/div>\n\t\t\t\t<\/div>\n\t\t\t\t\t<\/div>\n\t\t<\/div>\n\t\t\t\t<div class=\"elementor-column elementor-col-50 elementor-inner-column elementor-element elementor-element-a5623fc\" data-id=\"a5623fc\" data-element_type=\"column\" data-e-type=\"column\">\n\t\t\t<div class=\"elementor-widget-wrap elementor-element-populated\">\n\t\t\t\t\t\t<div class=\"elementor-element elementor-element-2a443cc elementor-widget__width-initial elementor-widget elementor-widget-text-editor\" data-id=\"2a443cc\" data-element_type=\"widget\" data-e-type=\"widget\" data-widget_type=\"text-editor.default\">\n\t\t\t\t<div class=\"elementor-widget-container\">\n\t\t\t\t\t\t\t\t\t<p><strong>Ansprechpartner:<\/strong><\/p><p>\u00a0<\/p><p>Projektkoordinator Claus Mellinger<\/p><p>Leiter der Stabsstelle Projektmanagement und \u00d6ffentlichkeitsarbeit<\/p><p>Email: mellinger@kloster-reute.de<\/p><p>Telefon: 07524 708-201<\/p>\t\t\t\t\t\t\t\t<\/div>\n\t\t\t\t<\/div>\n\t\t\t\t\t<\/div>\n\t\t<\/div>\n\t\t\t\t\t<\/div>\n\t\t<\/section>\n\t\t\t\t\t<\/div>\n\t\t<\/div>\n\t\t\t\t\t<\/div>\n\t\t<\/section>\n\t\t\t\t<\/div>\n\t\t","protected":false},"excerpt":{"rendered":"<p>Neue Aussegnung f\u00fcr den DAM-Preis 2026 des Deutschen Architekturmuseums nominiert Zusammen mit Braunger W\u00f6rtz Architekten, die unsere neue Aussegnung entworfen und geplant haben, freuen wir uns \u00fcber die Nominierung unserer Aussegnung f\u00fcr den DAM Preis f\u00fcr Architektur in Deutschland.Neben weiteren hochrangigen Projekten steht die Aussegnung auf der Longlist der nominierten 100 herausragenden Projekte 2026.Die Auswahl [&hellip;]<\/p>\n","protected":false},"author":1,"featured_media":2655,"comment_status":"open","ping_status":"open","sticky":false,"template":"","format":"standard","meta":{"footnotes":""},"categories":[18],"tags":[],"class_list":["post-3944","post","type-post","status-publish","format-standard","has-post-thumbnail","hentry","category-aktuell"],"_links":{"self":[{"href":"https:\/\/www.klosterberg-reute.de\/index.php\/wp-json\/wp\/v2\/posts\/3944","targetHints":{"allow":["GET"]}}],"collection":[{"href":"https:\/\/www.klosterberg-reute.de\/index.php\/wp-json\/wp\/v2\/posts"}],"about":[{"href":"https:\/\/www.klosterberg-reute.de\/index.php\/wp-json\/wp\/v2\/types\/post"}],"author":[{"embeddable":true,"href":"https:\/\/www.klosterberg-reute.de\/index.php\/wp-json\/wp\/v2\/users\/1"}],"replies":[{"embeddable":true,"href":"https:\/\/www.klosterberg-reute.de\/index.php\/wp-json\/wp\/v2\/comments?post=3944"}],"version-history":[{"count":9,"href":"https:\/\/www.klosterberg-reute.de\/index.php\/wp-json\/wp\/v2\/posts\/3944\/revisions"}],"predecessor-version":[{"id":3956,"href":"https:\/\/www.klosterberg-reute.de\/index.php\/wp-json\/wp\/v2\/posts\/3944\/revisions\/3956"}],"wp:featuredmedia":[{"embeddable":true,"href":"https:\/\/www.klosterberg-reute.de\/index.php\/wp-json\/wp\/v2\/media\/2655"}],"wp:attachment":[{"href":"https:\/\/www.klosterberg-reute.de\/index.php\/wp-json\/wp\/v2\/media?parent=3944"}],"wp:term":[{"taxonomy":"category","embeddable":true,"href":"https:\/\/www.klosterberg-reute.de\/index.php\/wp-json\/wp\/v2\/categories?post=3944"},{"taxonomy":"post_tag","embeddable":true,"href":"https:\/\/www.klosterberg-reute.de\/index.php\/wp-json\/wp\/v2\/tags?post=3944"}],"curies":[{"name":"wp","href":"https:\/\/api.w.org\/{rel}","templated":true}]}}