{"id":3477,"date":"2024-09-25T16:22:27","date_gmt":"2024-09-25T14:22:27","guid":{"rendered":"https:\/\/www.klosterberg-reute.de\/?p=3477"},"modified":"2025-03-13T14:42:51","modified_gmt":"2025-03-13T13:42:51","slug":"rueckblick-auf-drei-erfolgreiche-jahre-und-ein-neuer-vorstand","status":"publish","type":"post","link":"https:\/\/www.klosterberg-reute.de\/index.php\/2024\/09\/25\/rueckblick-auf-drei-erfolgreiche-jahre-und-ein-neuer-vorstand\/","title":{"rendered":"R\u00fcckblick auf drei erfolgreiche Jahre und ein neuer Vorstand"},"content":{"rendered":"\n<p>Herzliche Gl\u00fcckw\u00fcnsche f\u00fcr den neuen Vorstand des F\u00f6rdervereins Klosterberg Reute e.V.. In der dritten Generalversammlung am 24.09.2024 wurden Elles K\u00e4rcher, Annabel Munding, Petra Hofacker, Lothar Hanser und Elmar Braun von den zahlreichen Mitgliedern f\u00fcr drei Jahre gew\u00e4hlt. Zuvor konnte der scheidende Vorstand auf eine Bilanz blicken, die sich sehen lassen kann. Die Mitglieder und Unterst\u00fctzer des F\u00f6rdervereins haben \u00fcber 600 Steine f\u00fcr das Labyrinth auf dem Friedhof finanziert. Auch im vergangenen Jahr sind wieder zahlreiche Mitglieder dazugekommen. &#8222;Neben der ganzen Arbeit hat uns aber das Zusammenarbeiten im Vorstand viel Spa\u00df gemacht&#8220;, sagte Elmar Braun in seinem R\u00fcckblick. Dass der Vorstand nicht nur Spa\u00df hatte, sondern auch gr\u00fcndlich waren, bescheinigten die Kassenpr\u00fcfer Karl-Heiz Gut und Achim Strobel. Von Generaloberin Sr. Maria Hanna gab es zum Abschied f\u00fcr die anwesenden Vorst\u00e4nde herzliche Dankesworte und Geschenke aus dem Klostergarten. Als es zur Wahl kam, hatte Projektkoordinator Claus Mellinger als Wahlleiter leichtes Spiel. Alle Positionen im Vorstand konnten besetzt werden und alle Kandidat*innen wurden mit \u00fcberw\u00e4ltigender Mehrheit gew\u00e4hlt. Im Anschluss an die kurzweilige Versammlung gab es lebhafte Gespr\u00e4che bei einem herzhaften Imbiss. Wir danken dem F\u00f6rderverein und allen Mitgliedern f\u00fcr die gro\u00dfartige Unterst\u00fctzung unseres Klosterbergprojekts. Und auf die zuk\u00fcnftige Zusammenarbeit mit dem neuen Vorstand freuen wir uns ganz gewaltig!<\/p>\n","protected":false},"excerpt":{"rendered":"<p>Herzliche Gl\u00fcckw\u00fcnsche f\u00fcr den neuen Vorstand des F\u00f6rdervereins Klosterberg Reute e.V.. In der dritten Generalversammlung am 24.09.2024 wurden Elles K\u00e4rcher, Annabel Munding, Petra Hofacker, Lothar Hanser und Elmar Braun von den zahlreichen Mitgliedern f\u00fcr drei Jahre gew\u00e4hlt. Zuvor konnte der scheidende Vorstand auf eine Bilanz blicken, die sich sehen lassen kann. Die Mitglieder und Unterst\u00fctzer [&hellip;]<\/p>\n","protected":false},"author":1,"featured_media":3478,"comment_status":"closed","ping_status":"closed","sticky":false,"template":"","format":"standard","meta":{"footnotes":""},"categories":[18,28],"tags":[],"class_list":["post-3477","post","type-post","status-publish","format-standard","has-post-thumbnail","hentry","category-aktuell","category-foerderverein"],"_links":{"self":[{"href":"https:\/\/www.klosterberg-reute.de\/index.php\/wp-json\/wp\/v2\/posts\/3477","targetHints":{"allow":["GET"]}}],"collection":[{"href":"https:\/\/www.klosterberg-reute.de\/index.php\/wp-json\/wp\/v2\/posts"}],"about":[{"href":"https:\/\/www.klosterberg-reute.de\/index.php\/wp-json\/wp\/v2\/types\/post"}],"author":[{"embeddable":true,"href":"https:\/\/www.klosterberg-reute.de\/index.php\/wp-json\/wp\/v2\/users\/1"}],"replies":[{"embeddable":true,"href":"https:\/\/www.klosterberg-reute.de\/index.php\/wp-json\/wp\/v2\/comments?post=3477"}],"version-history":[{"count":1,"href":"https:\/\/www.klosterberg-reute.de\/index.php\/wp-json\/wp\/v2\/posts\/3477\/revisions"}],"predecessor-version":[{"id":3479,"href":"https:\/\/www.klosterberg-reute.de\/index.php\/wp-json\/wp\/v2\/posts\/3477\/revisions\/3479"}],"wp:featuredmedia":[{"embeddable":true,"href":"https:\/\/www.klosterberg-reute.de\/index.php\/wp-json\/wp\/v2\/media\/3478"}],"wp:attachment":[{"href":"https:\/\/www.klosterberg-reute.de\/index.php\/wp-json\/wp\/v2\/media?parent=3477"}],"wp:term":[{"taxonomy":"category","embeddable":true,"href":"https:\/\/www.klosterberg-reute.de\/index.php\/wp-json\/wp\/v2\/categories?post=3477"},{"taxonomy":"post_tag","embeddable":true,"href":"https:\/\/www.klosterberg-reute.de\/index.php\/wp-json\/wp\/v2\/tags?post=3477"}],"curies":[{"name":"wp","href":"https:\/\/api.w.org\/{rel}","templated":true}]}}